{"id":60249,"date":"2023-02-28T21:47:18","date_gmt":"2023-02-28T21:47:18","guid":{"rendered":"https:\/\/webcydonia.online\/eacr\/2023\/02\/28\/costa-rica-no-tiene-ejercito-desde-1948-quieres-saber-por-que\/"},"modified":"2025-06-29T17:28:49","modified_gmt":"2025-06-29T17:28:49","slug":"costa-rica-no-tiene-ejercito-desde-1948-quieres-saber-por-que","status":"publish","type":"post","link":"https:\/\/epicadventurescr.com\/es\/costa-rica-no-tiene-ejercito-desde-1948-quieres-saber-por-que\/","title":{"rendered":"Costa Rica no tiene ej\u00e9rcito desde 1948. \u00bfQuieres saber por qu\u00e9?"},"content":{"rendered":"<h2>Para comprender mejor lo que significa la pr\u00f3xima celebraci\u00f3n de la abolici\u00f3n del Ej\u00e9rcito de Costa Rica, es importante conocer un poco la importancia hist\u00f3rica del acontecimiento. El hecho de que Costa Rica no tenga ej\u00e9rcito afecta a muchos \u00e1mbitos de muchas maneras. <\/h2>\n<p>Este a\u00f1o, el 1 de diciembre cae en mi\u00e9rcoles, as\u00ed que para que todos los costarricenses puedan celebrar la abolici\u00f3n del ej\u00e9rcito, la fiesta se ha trasladado al lunes 5 de diciembre.<\/p>\n<h3><\/h3>\n<figure id=\"attachment_58377\" aria-describedby=\"caption-attachment-58377\" style=\"width: 1000px\" class=\"wp-caption aligncenter\"><img fetchpriority=\"high\" decoding=\"async\" class=\"size-full wp-image-58377\" src=\"https:\/\/epicadventurescr.com\/wp-content\/uploads\/2022\/12\/costa-rica-flag-background.jpg\" alt=\"Bandera de Costa Rica - Costa Rica no tiene ej\u00e9rcito\" width=\"1000\" height=\"655\"><figcaption id=\"caption-attachment-58377\" class=\"wp-caption-text\">Bandera de Costa Rica &#8211; Costa Rica no tiene ej\u00e9rcito<\/figcaption><\/figure>\n<h3>\u00bfQui\u00e9n es Jos\u00e9 \u00abPepe\u00bb Figueres?<\/h3>\n<figure id=\"attachment_58381\" aria-describedby=\"caption-attachment-58381\" style=\"width: 225px\" class=\"wp-caption alignleft\"><img decoding=\"async\" class=\"wp-image-58381 size-medium\" src=\"https:\/\/epicadventurescr.com\/wp-content\/uploads\/2022\/12\/Jose_Figueres_Ferrer_cropped-min-225x300.jpg\" alt=\"Jos\u00e9 Figueres Ferrer - Costa Rica no tiene ej\u00e9rcito\" width=\"225\" height=\"300\"><figcaption id=\"caption-attachment-58381\" class=\"wp-caption-text\">Jos\u00e9 Figueres Ferrer &#8211; Costa Rica no tiene ej\u00e9rcito<\/figcaption><\/figure>\n<p>El 1 de diciembre de 1948, con un acto simb\u00f3lico en el cuartel general del ej\u00e9rcito permanente, el jefe del gobierno provisional Jos\u00e9 Figueres dio un mazazo simb\u00f3lico en una de las torretas y entreg\u00f3 las llaves al ministro de Educaci\u00f3n Uladislao G\u00e1mez. Don Pepe es recordado por haber puesto fin a una sangrienta guerra civil en marzo de 1948 disolviendo las fuerzas armadas, pero Costa Rica nunca fue una gran potencia militar.<\/p>\n<p><strong>La historia de nuestro peque\u00f1o ej\u00e9rcito<\/strong><\/p>\n<p>En los a\u00f1os posteriores a la toma del poder por los espa\u00f1oles, se utilizaron ej\u00e9rcitos privados para deshacerse de los nativos y proteger las rutas comerciales de los piratas. En los a\u00f1os anteriores y posteriores a que el pa\u00eds se independizara de Espa\u00f1a en 1821, las ciudades formaban a menudo sus propias milicias, lo que a veces desembocaba en guerras civiles. Hubo luchas en el Valle Central al a\u00f1o siguiente de la independencia sobre si Costa Rica deb\u00eda unirse al imperio mexicano de Agust\u00edn Iturbide o formar una confederaci\u00f3n con las otras naciones reci\u00e9n independizadas de Am\u00e9rica Central.<\/p>\n<h3>Braulio Carrillo<\/h3>\n<p>En la d\u00e9cada de 1840, el presidente Braulio Carrillo unific\u00f3 las fuerzas armadas del pa\u00eds. Lo hizo para crear una polic\u00eda y un ej\u00e9rcito nacionales que trabajaran juntos. A pesar de su poblaci\u00f3n peque\u00f1a y dispersa y de la falta de carreteras a trav\u00e9s de las monta\u00f1as y la selva, Costa Rica evit\u00f3 las invasiones y los acaparamientos de tierras durante sus primeros a\u00f1os como rep\u00fablica hasta la d\u00e9cada de 1860, cuando comenz\u00f3 una nueva era. Los comerciantes internacionales estaban interesados en Centroam\u00e9rica porque era una v\u00eda fluvial que conectaba los oc\u00e9anos Atl\u00e1ntico y Pac\u00edfico. <\/p>\n<h3>Los norteamericanos y los brit\u00e1nicos estaban ansiosos por afirmar su dominio en la regi\u00f3n.<\/h3>\n<p>Costa Rica libr\u00f3 su primera y \u00fanica guerra exterior en 1856, contra el filibustero estadounidense William Walker y su ej\u00e9rcito en Nicaragua. Sin embargo, el pa\u00eds ha tenido que sofocar m\u00e1s de cien revueltas, rebeliones e intentos de golpe de estado desde entonces. Tras un a\u00f1o de huelgas y disturbios, unas elecciones controvertidas, papeletas quemadas y asesinatos, estall\u00f3 una guerra civil en marzo de 1948.<\/p>\n<h3>Una guerra que dur\u00f3 un mes y medio:<\/h3>\n<p>Seis semanas de guerra civil enfrentaron al ej\u00e9rcito nacional con un ej\u00e9rcito de \u00abliberaci\u00f3n\u00bb dirigido por Figueres, figura popular y defensor de la democracia en la regi\u00f3n. Tras el cese de los combates, Don Pepe fue puesto al frente de un gobierno de transici\u00f3n que tuvo que realizar cambios largamente esperados, especialmente en las fuerzas armadas. \u00bfCu\u00e1l de los dos ej\u00e9rcitos ser\u00eda elegido ej\u00e9rcito nacional y apoyar\u00eda al nuevo gobierno? \u00bfSe unir\u00eda a la Liga del Caribe, una fuerza regional formada para derrocar dictaduras, e ir\u00eda a la guerra en otros pa\u00edses? Cuando el dinero siempre escaseaba en instituciones como escuelas y hospitales, \u00bfqui\u00e9n iba a pagar la factura de las mejoras necesarias? Las naciones que participaron o apoyaron la Guerra Fr\u00eda se vieron sorprendidas por la decisi\u00f3n de deshacerse de sus ej\u00e9rcitos. Sin embargo, en el caso de Costa Rica, era l\u00f3gico. Los exiliados en Nicaragua, apoyados por el dictador Anastasio Somoza, lanzaron un ataque contra Costa Rica en 1955. Los ciudadanos de la guardia nacional se enfrentaron a los atacantes. El ej\u00e9rcito permanente se suprimi\u00f3 en la Constituci\u00f3n de 1948. Se puede formar un ej\u00e9rcito en inter\u00e9s de la defensa nacional, pero s\u00f3lo bajo control civil y sin implicaci\u00f3n en los asuntos nacionales. <\/p>\n<p><strong>Por ello, Costa Rica no tiene ej\u00e9rcito<\/strong><\/p>\n<h3><img decoding=\"async\" class=\"aligncenter size-full wp-image-58403\" src=\"https:\/\/epicadventurescr.com\/wp-content\/uploads\/2022\/12\/10-2.jpg\" alt=\"Costa Rica no tiene ej\u00e9rcito\" width=\"800\" height=\"600\"><\/h3>\n<h3><\/h3>\n<h3>\u00bfQu\u00e9 hacemos con el dinero?<\/h3>\n<p>El dinero extra que tiene Costa Rica se gasta en:<\/p>\n<ul>\n<li>Mejorar las oportunidades educativas y de seguridad social.<\/li>\n<li>Con el objetivo de Establecer la Ley y el Orden e Impedir Nuevos Actos de Violencia Pol\u00edtica.<\/li>\n<li>En Beneficio de Organizaciones Costarricenses.<\/li>\n<li>El objetivo de atraer inversiones extranjeras.<\/li>\n<li>Motivado por el Deseo de Anunciar Oportunidades de Empleo Locales.<\/li>\n<li>Mejorar la calidad del servicio.<\/li>\n<li>Conservar los espacios naturales<\/li>\n<\/ul>\n<p>Para prepararse ante la posibilidad de una invasi\u00f3n de otro pa\u00eds, todas las naciones mantienen unas fuerzas armadas bien entrenadas y equipadas. Adem\u00e1s de proteger a la poblaci\u00f3n nacional y mundial, el ej\u00e9rcito tambi\u00e9n ayuda a los necesitados. <\/p>\n<p><strong>S\u00f3lo veinti\u00fan pa\u00edses no tienen fuerzas militares propias.<\/strong>  Algunos de estos veinti\u00fan pa\u00edses no tienen ej\u00e9rcito permanente en absoluto, pero otros tienen fuerzas p\u00fablicas que realizan algunas tareas militares. Uno de estos pa\u00edses es Costa Rica. Los fondos asignados anteriormente al ej\u00e9rcito se han reasignado a las instituciones p\u00fablicas de Costa Rica en los \u00e1mbitos de la educaci\u00f3n, la seguridad y las artes. En consonancia con su dedicaci\u00f3n a las artes y la cultura, Costa Rica ha sustituido sus cuarteles militares por el Museo Nacional de Costa Rica. Aunque Costa Rica no tiene un ej\u00e9rcito regular, en 1996 otorg\u00f3 a la Fuerza P\u00fablica el poder de actuar como polic\u00eda, guardia de fronteras y seguridad terrestre, y de proteger a los turistas. <\/p>\n<h3>Qu\u00e9 hacemos con los fondos:<\/h3>\n<h4>Mejorar el acceso a una educaci\u00f3n de calidad y a programas de bienestar<\/h4>\n<p>Debido a su estatus desmilitarizado durante los \u00faltimos 72 a\u00f1os, Costa Rica ha evitado gastar grandes sumas en material militar. Se propusieron prioridades como la educaci\u00f3n, la sanidad, el medio ambiente y las infraestructuras como merecedoras de una mayor financiaci\u00f3n. Esto ha contribuido a que Costa Rica sea una de las naciones m\u00e1s desarrolladas del mundo. Adem\u00e1s, Costa Rica tiene la tasa de alfabetizaci\u00f3n m\u00e1s alta de toda Am\u00e9rica Latina.   <\/p>\n<h4><img loading=\"lazy\" decoding=\"async\" class=\"aligncenter size-full wp-image-58393\" src=\"https:\/\/epicadventurescr.com\/wp-content\/uploads\/2022\/12\/7-2.jpg\" alt=\"\" width=\"800\" height=\"600\"><\/h4>\n<h4>Fomentar la ley y el orden<\/h4>\n<p>El ex presidente de Costa Rica y Premio Nobel de la Paz \u00d3scar Arias S\u00e1nchez dijo una vez: \u00abLas soluciones militares a los conflictos deben ser el \u00faltimo, el \u00faltimo recurso\u00bb. El consejo del ex presidente S\u00e1nchez se sigue siguiendo hoy en d\u00eda. Desde 1948, todas las guerras se han resuelto amistosamente mediante conversaciones. Tres, poner fin a la violencia pol\u00edtica No s\u00f3lo la eliminaci\u00f3n del ej\u00e9rcito regular puso fin a la violencia pol\u00edtica en Costa Rica en el siglo XX, sino que tambi\u00e9n hizo imposible que el sucesor de cualquier presidente tomara y mantuviera el poder sin utilizar la violencia.<\/p>\n<h4>Compartir la prosperidad entre las organizaciones costarricenses<\/h4>\n<p>El gobierno de Costa Rica gast\u00f3 mucho dinero en cosas como armas, tanques y entrenamiento militar antes de deshacerse de su ej\u00e9rcito permanente. Una vez disuelto el ej\u00e9rcito, los recursos se redirigieron a programas sociales como asistencia sanitaria, escuelas p\u00fablicas y viviendas asequibles, devolviendo al pueblo de Costa Rica la fe en su gobierno.<\/p>\n<p><em>Se mire por donde se mire, Costa Rica tiene uno de los mejores sistemas sanitarios de Am\u00e9rica Latina. Hay dos sistemas, a los que pueden acceder los expatriados: el sistema sanitario universal gestionado por el gobierno, la Caja Costarricense de Seguro Social, conocida como Caja, y el sistema privado. Ambos sistemas sanitarios se modernizan constantemente: nuevos hospitales, nuevos equipos y mejoras en la formaci\u00f3n del personal.  <\/em><\/p>\n<h6>Evans, K. (2022, 30 de marzo). <i>Asistencia sanitaria en Costa Rica &#8211; International Living Countries<\/i>. International Living.  https:\/\/internationalliving.com\/countries\/costa-rica\/health-care\/<\/h6>\n<h4>Atraer la inversi\u00f3n extranjera<\/h4>\n<p>Promover un pa\u00eds pac\u00edfico sin fuerzas militares ha dado a Costa Rica una estabilidad y tranquilidad que permite atraer inversiones extranjeras, conocedoras de su cultura y clima tropical. Numerosas empresas hoteleras y de viajes internacionales, como Four Seasons, Marriott, Andaz y Westin, se encuentran entre los inversores m\u00e1s importantes de Costa Rica. Debido a su asociaci\u00f3n con estas conocidas figuras, Costa Rica atrae cada a\u00f1o a un gran n\u00famero de turistas, que contribuyen a la creciente econom\u00eda del pa\u00eds.<\/p>\n<h4>Fomentar el empleo local<\/h4>\n<p>La inversi\u00f3n extranjera ha cambiado la cultura de Costa Rica de un modo que ha propiciado la creaci\u00f3n de miles de puestos de trabajo, desde taxistas a camareros y ejecutivos de empresas. El hecho de que Costa Rica sea un pa\u00eds tan estable, con buenos sistemas sanitario y educativo, crea puestos de trabajo mejor pagados que en muchos otros pa\u00edses similares.<\/p>\n<h4><img loading=\"lazy\" decoding=\"async\" class=\"aligncenter wp-image-58407 size-full\" title=\"Costa Rica no tiene ej\u00e9rcito\" src=\"https:\/\/epicadventurescr.com\/wp-content\/uploads\/2022\/12\/11-2.jpg\" alt=\"Costa Rica no tiene ej\u00e9rcito\" width=\"800\" height=\"600\"><\/h4>\n<h4>Impulsar la excelencia en el servicio<\/h4>\n<p>Gracias a que el gobierno traslad\u00f3 dinero del ej\u00e9rcito a otros \u00e1mbitos, como la educaci\u00f3n, los costarricenses pueden recibir educaci\u00f3n universitaria totalmente gratuita. Tambi\u00e9n hay un refuerzo en la ense\u00f1anza del ingl\u00e9s y la inform\u00e1tica.<\/p>\n<h4>Defender los Espacios Naturales<\/h4>\n<p>Las selvas tropicales y otros ecosistemas \u00fanicos prosperan en Costa Rica. Costa Rica protege simult\u00e1neamente sus tierras de conservaci\u00f3n para proteger la biodiversidad del pa\u00eds ante la afluencia de inversiones extranjeras y la creaci\u00f3n de nuevos puestos de trabajo. El aumento del turismo significa m\u00e1s dinero para la econom\u00eda local. Estas zonas preservadas son una visita obligada para cualquiera que haga un itinerario de viaje, ya que son perfectas como una postal en todos los sentidos. <\/p>\n<h3><img loading=\"lazy\" decoding=\"async\" class=\"aligncenter size-full wp-image-58405\" src=\"https:\/\/epicadventurescr.com\/wp-content\/uploads\/2022\/12\/10.jpg\" alt=\"Costa Rica no tiene ej\u00e9rcito\" width=\"800\" height=\"600\">Como conclusi\u00f3n<\/h3>\n<p>Es imposible que los costarricenses pensemos siquiera en reinstaurar de nuevo el ej\u00e9rcito. Somos orgullosamente pacifistas. Somos conscientes de que la paz es la m\u00e1s audaz de todas las posibilidades. Ciertamente, esperamos ser l\u00edderes de un movimiento que multiplique la conciencia de paz en todo el mundo.  <\/p>\n","protected":false},"excerpt":{"rendered":"<p>Para comprender mejor lo que significa la pr\u00f3xima celebraci\u00f3n de la abolici\u00f3n del Ej\u00e9rcito de Costa Rica, es importante conocer un poco la importancia hist\u00f3rica del acontecimiento. El hecho de que Costa Rica no tenga ej\u00e9rcito afecta a muchos \u00e1mbitos de muchas maneras. Este a\u00f1o, el 1 de diciembre cae en mi\u00e9rcoles, as\u00ed que para [&hellip;]<\/p>\n","protected":false},"author":1,"featured_media":0,"comment_status":"closed","ping_status":"open","sticky":false,"template":"","format":"standard","meta":{"site-sidebar-layout":"default","site-content-layout":"","ast-site-content-layout":"default","site-content-style":"default","site-sidebar-style":"default","ast-global-header-display":"","ast-banner-title-visibility":"","ast-main-header-display":"","ast-hfb-above-header-display":"","ast-hfb-below-header-display":"","ast-hfb-mobile-header-display":"","site-post-title":"","ast-breadcrumbs-content":"","ast-featured-img":"","footer-sml-layout":"","ast-disable-related-posts":"","theme-transparent-header-meta":"","adv-header-id-meta":"","stick-header-meta":"","header-above-stick-meta":"","header-main-stick-meta":"","header-below-stick-meta":"","astra-migrate-meta-layouts":"default","ast-page-background-enabled":"default","ast-page-background-meta":{"desktop":{"background-color":"var(--ast-global-color-4)","background-image":"","background-repeat":"repeat","background-position":"center center","background-size":"auto","background-attachment":"scroll","background-type":"","background-media":"","overlay-type":"","overlay-color":"","overlay-opacity":"","overlay-gradient":""},"tablet":{"background-color":"","background-image":"","background-repeat":"repeat","background-position":"center center","background-size":"auto","background-attachment":"scroll","background-type":"","background-media":"","overlay-type":"","overlay-color":"","overlay-opacity":"","overlay-gradient":""},"mobile":{"background-color":"","background-image":"","background-repeat":"repeat","background-position":"center center","background-size":"auto","background-attachment":"scroll","background-type":"","background-media":"","overlay-type":"","overlay-color":"","overlay-opacity":"","overlay-gradient":""}},"ast-content-background-meta":{"desktop":{"background-color":"var(--ast-global-color-5)","background-image":"","background-repeat":"repeat","background-position":"center center","background-size":"auto","background-attachment":"scroll","background-type":"","background-media":"","overlay-type":"","overlay-color":"","overlay-opacity":"","overlay-gradient":""},"tablet":{"background-color":"var(--ast-global-color-5)","background-image":"","background-repeat":"repeat","background-position":"center center","background-size":"auto","background-attachment":"scroll","background-type":"","background-media":"","overlay-type":"","overlay-color":"","overlay-opacity":"","overlay-gradient":""},"mobile":{"background-color":"var(--ast-global-color-5)","background-image":"","background-repeat":"repeat","background-position":"center center","background-size":"auto","background-attachment":"scroll","background-type":"","background-media":"","overlay-type":"","overlay-color":"","overlay-opacity":"","overlay-gradient":""}},"footnotes":""},"categories":[190,202,193,16],"tags":[],"class_list":["post-60249","post","type-post","status-publish","format-standard","hentry","category-blog-es-2","category-informacion-sobre-costa-rica","category-informacion-sobre-manuel-antonio","category-sin-categorizar"],"_links":{"self":[{"href":"https:\/\/epicadventurescr.com\/es\/wp-json\/wp\/v2\/posts\/60249","targetHints":{"allow":["GET"]}}],"collection":[{"href":"https:\/\/epicadventurescr.com\/es\/wp-json\/wp\/v2\/posts"}],"about":[{"href":"https:\/\/epicadventurescr.com\/es\/wp-json\/wp\/v2\/types\/post"}],"author":[{"embeddable":true,"href":"https:\/\/epicadventurescr.com\/es\/wp-json\/wp\/v2\/users\/1"}],"replies":[{"embeddable":true,"href":"https:\/\/epicadventurescr.com\/es\/wp-json\/wp\/v2\/comments?post=60249"}],"version-history":[{"count":0,"href":"https:\/\/epicadventurescr.com\/es\/wp-json\/wp\/v2\/posts\/60249\/revisions"}],"wp:attachment":[{"href":"https:\/\/epicadventurescr.com\/es\/wp-json\/wp\/v2\/media?parent=60249"}],"wp:term":[{"taxonomy":"category","embeddable":true,"href":"https:\/\/epicadventurescr.com\/es\/wp-json\/wp\/v2\/categories?post=60249"},{"taxonomy":"post_tag","embeddable":true,"href":"https:\/\/epicadventurescr.com\/es\/wp-json\/wp\/v2\/tags?post=60249"}],"curies":[{"name":"wp","href":"https:\/\/api.w.org\/{rel}","templated":true}]}}